{"id":64,"date":"2018-11-09T14:03:42","date_gmt":"2018-11-09T14:03:42","guid":{"rendered":"https:\/\/www.gremicarnissers.com\/?p=33387"},"modified":"2021-03-23T10:18:45","modified_gmt":"2021-03-23T10:18:45","slug":"imeat-espanya","status":"publish","type":"post","link":"https:\/\/www.gremicarnissers.com\/es\/imeat-espanya\/","title":{"rendered":"IMEAT Espa\u00f1a: 6 y 7 de octubre 2019. \u00a1Mira m\u00e1s informaci\u00f3n en el Gremio! Es una oportunidad \u00fanica para dar a conocer tu establecimiento o servicio"},"content":{"rendered":"<h4>De la mano del <strong>Gremio de Carniceros Charcuteros y Aviram<\/strong> se coordin\u00f3 la primera edici\u00f3n de la<strong> <a href=\"http:\/\/www.imeat.it\/es\/\">feria <\/a>iMEAT <\/strong>los pasados 4 y 5 de febrero con m\u00e1s de 3000 visitados.<strong> 3.000 visitados, 3.000 posibles clientes<\/strong>.<\/h4>\n<p>&nbsp;<\/p>\n<p><img fetchpriority=\"high\" decoding=\"async\" class=\"size-full wp-image-33389 aligncenter\" src=\"https:\/\/www.gremicarnissers.com\/wp-content\/uploads\/2018\/11\/fotoimeat2018.jpg\" alt=\"\" width=\"500\" height=\"450\" \/><\/p>\n<p><a href=\"https:\/\/www.youtube.com\/watch?v=DnmoLWvBhtc&amp;feature=youtu.be\">\u00bfQUIERES VER NUESTRO V\u00cdDEO PROMOCIONAL?<\/a><\/p>\n<p>Se trata de la <strong>primera feria dedicada al sector<\/strong>, y el objetivo es conectar los carniceros con los proveedores. Con la llegada del iMEAT a Espa\u00f1a, concretamente en <strong>Cornell\u00e1 de Llobregat<\/strong>, la intenci\u00f3n ha estado convirti\u00e9ndose en un encuentro profesional punto de referencia en el mundo de la carnicer\u00eda, la gastronom\u00eda y el delicatessen.<\/p>\n<p>La pr\u00f3xima edici\u00f3n de la feria <strong>iMEAT<\/strong> ser\u00e1 los d\u00edas <strong>6 y 7 de octubre<\/strong>. El Gremio quiere tener <strong>tu opini\u00f3n<\/strong>: \u00bfqu\u00e9 querr\u00eda encontrar, qu\u00e9 operadores \/ profesionales le gustar\u00eda encontrar? Queremos contar de nuevo con tu apoyo y colaboraci\u00f3n. Com\u00e9ntalo con tus proveedores porque la feria iMEAT es la <strong>GRAN OPORTUNIDAD<\/strong> para su negocio.<\/p>\n<p><strong><a href=\"https:\/\/www.gremicarnissers.com\/es\/contacto\/\">Contacte con nosotros<\/a><\/strong> y le resolveremos todas sus dudas: <a href=\"mailto:info@www.gremicarnissers.com\">info@www.gremicarnissers.com<\/a><\/p>","protected":false},"excerpt":{"rendered":"<p>IMEAT Espa\u00f1a: 6 y 7 de octubre 2019. \u00a1Reserva ya tu stand!<\/p>","protected":false},"author":1,"featured_media":65,"comment_status":"open","ping_status":"open","sticky":false,"template":"","format":"standard","meta":{"_acf_changed":false,"footnotes":""},"categories":[70,52,8,3,50,63],"tags":[109,110,107,108,49],"class_list":["post-64","post","type-post","status-publish","format-standard","has-post-thumbnail","hentry","category-consum-de-carn","category-esdeveniments","category-innovacio","category-noticies","category-professional","category-promocio","tag-cornella","tag-fair","tag-feria","tag-fira","tag-gremi-carnissers-de-barcelona"],"acf":[],"yoast_head":"<!-- This site is optimized with the Yoast SEO plugin v27.4 - https:\/\/yoast.com\/product\/yoast-seo-wordpress\/ -->\n<title>[:ca]IMEAT Espanya: 6 i 7 d&#039;octubre 2019 - Gremi Carnissers de Barcelona [:es]IMEAT Espa\u00f1a: 6 y 7 de octubre 2019 - Gremi Carnissers de Barcelona [:]<\/title>\n<meta name=\"description\" content=\"{:ca}IMEAT Espanya: 6 i 7 d&#039;octubre 2019. De la m\u00e0 del Gremi de Carnissers es va coordinar la primera edici\u00f3 de la fira iMEAT els passats 4 i 5 de febrer...{:es}IMEAT Espa\u00f1a: 6 y 7 de octubre 2019. De la mano del Gremi de Carnissers se coordin\u00f3 la primera edici\u00f3n de la feria iMEAT los pasados 4 y 5 de febrero...{:}\" \/>\n<meta name=\"robots\" content=\"index, follow, max-snippet:-1, max-image-preview:large, max-video-preview:-1\" \/>\n<link rel=\"canonical\" href=\"https:\/\/www.gremicarnissers.com\/es\/imeat-espanya\/\" \/>\n<meta property=\"og:locale\" content=\"es_ES\" \/>\n<meta property=\"og:type\" content=\"article\" \/>\n<meta property=\"og:title\" content=\"[:ca]IMEAT Espanya: 6 i 7 d&#039;octubre 2019 - Gremi Carnissers de Barcelona [:es]IMEAT Espa\u00f1a: 6 y 7 de octubre 2019 - Gremi Carnissers de Barcelona [:]\" \/>\n<meta property=\"og:description\" content=\"{:ca}IMEAT Espanya: 6 i 7 d&#039;octubre 2019. De la m\u00e0 del Gremi de Carnissers es va coordinar la primera edici\u00f3 de la fira iMEAT els passats 4 i 5 de febrer...{:es}IMEAT Espa\u00f1a: 6 y 7 de octubre 2019. De la mano del Gremi de Carnissers se coordin\u00f3 la primera edici\u00f3n de la feria iMEAT los pasados 4 y 5 de febrero...{:}\" \/>\n<meta property=\"og:url\" content=\"https:\/\/www.gremicarnissers.com\/es\/imeat-espanya\/\" \/>\n<meta property=\"og:site_name\" content=\"Gremi Carnissers de Barcelona\" \/>\n<meta property=\"article:published_time\" content=\"2018-11-09T14:03:42+00:00\" \/>\n<meta property=\"article:modified_time\" content=\"2021-03-23T10:18:45+00:00\" \/>\n<meta property=\"og:image\" content=\"https:\/\/www.gremicarnissers.com\/wp-content\/uploads\/2018\/11\/gremi_imeat_barcelona.jpg\" \/>\n\t<meta property=\"og:image:width\" content=\"886\" \/>\n\t<meta property=\"og:image:height\" content=\"630\" \/>\n\t<meta property=\"og:image:type\" content=\"image\/jpeg\" \/>\n<meta name=\"author\" content=\"Hector\" \/>\n<meta name=\"twitter:card\" content=\"summary_large_image\" \/>\n<meta name=\"twitter:label1\" content=\"Escrito por\" \/>\n\t<meta name=\"twitter:data1\" content=\"Hector\" \/>\n\t<meta name=\"twitter:label2\" content=\"Tiempo de lectura\" \/>\n\t<meta name=\"twitter:data2\" content=\"1 minuto\" \/>\n<script type=\"application\/ld+json\" class=\"yoast-schema-graph\">{\"@context\":\"https:\\\/\\\/schema.org\",\"@graph\":[{\"@type\":\"Article\",\"@id\":\"https:\\\/\\\/www.gremicarnissers.com\\\/imeat-espanya\\\/#article\",\"isPartOf\":{\"@id\":\"https:\\\/\\\/www.gremicarnissers.com\\\/imeat-espanya\\\/\"},\"author\":{\"name\":\"Hector\",\"@id\":\"https:\\\/\\\/www.gremicarnissers.com\\\/#\\\/schema\\\/person\\\/b3e3b3d79cd2b792c7a1b8f8c46a31fa\"},\"headline\":\"IMEAT Espanya: 6 i 7 d&#8217;octubre 2019. Dema m\u00e9s informaci\u00f3 al Gremi! \u00c9s una oportunitat \u00fanica per donar a con\u00e8ixer el teu establiment o servei\",\"datePublished\":\"2018-11-09T14:03:42+00:00\",\"dateModified\":\"2021-03-23T10:18:45+00:00\",\"mainEntityOfPage\":{\"@id\":\"https:\\\/\\\/www.gremicarnissers.com\\\/imeat-espanya\\\/\"},\"wordCount\":196,\"commentCount\":0,\"image\":{\"@id\":\"https:\\\/\\\/www.gremicarnissers.com\\\/imeat-espanya\\\/#primaryimage\"},\"thumbnailUrl\":\"https:\\\/\\\/www.gremicarnissers.com\\\/wp-content\\\/uploads\\\/2018\\\/11\\\/gremi_imeat_barcelona.jpg\",\"keywords\":[\"Cornell\u00e0\",\"Fair\",\"Feria\",\"Fira\",\"gremi carnissers de barcelona\"],\"articleSection\":[\"Consum de carn\",\"Esdeveniments\",\"innovaci\u00f3\",\"Not\u00edcies\",\"Professional\",\"promoci\u00f3\"],\"inLanguage\":\"es\",\"potentialAction\":[{\"@type\":\"CommentAction\",\"name\":\"Comment\",\"target\":[\"https:\\\/\\\/www.gremicarnissers.com\\\/imeat-espanya\\\/#respond\"]}]},{\"@type\":\"WebPage\",\"@id\":\"https:\\\/\\\/www.gremicarnissers.com\\\/imeat-espanya\\\/\",\"url\":\"https:\\\/\\\/www.gremicarnissers.com\\\/imeat-espanya\\\/\",\"name\":\"[:ca]IMEAT Espanya: 6 i 7 d'octubre 2019 - Gremi Carnissers de Barcelona [:es]IMEAT Espa\u00f1a: 6 y 7 de octubre 2019 - Gremi Carnissers de Barcelona [:]\",\"isPartOf\":{\"@id\":\"https:\\\/\\\/www.gremicarnissers.com\\\/#website\"},\"primaryImageOfPage\":{\"@id\":\"https:\\\/\\\/www.gremicarnissers.com\\\/imeat-espanya\\\/#primaryimage\"},\"image\":{\"@id\":\"https:\\\/\\\/www.gremicarnissers.com\\\/imeat-espanya\\\/#primaryimage\"},\"thumbnailUrl\":\"https:\\\/\\\/www.gremicarnissers.com\\\/wp-content\\\/uploads\\\/2018\\\/11\\\/gremi_imeat_barcelona.jpg\",\"datePublished\":\"2018-11-09T14:03:42+00:00\",\"dateModified\":\"2021-03-23T10:18:45+00:00\",\"author\":{\"@id\":\"https:\\\/\\\/www.gremicarnissers.com\\\/#\\\/schema\\\/person\\\/b3e3b3d79cd2b792c7a1b8f8c46a31fa\"},\"description\":\"{:ca}IMEAT Espanya: 6 i 7 d'octubre 2019. De la m\u00e0 del Gremi de Carnissers es va coordinar la primera edici\u00f3 de la fira iMEAT els passats 4 i 5 de febrer...{:es}IMEAT Espa\u00f1a: 6 y 7 de octubre 2019. De la mano del Gremi de Carnissers se coordin\u00f3 la primera edici\u00f3n de la feria iMEAT los pasados 4 y 5 de febrero...{:}\",\"breadcrumb\":{\"@id\":\"https:\\\/\\\/www.gremicarnissers.com\\\/imeat-espanya\\\/#breadcrumb\"},\"inLanguage\":\"es\",\"potentialAction\":[{\"@type\":\"ReadAction\",\"target\":[\"https:\\\/\\\/www.gremicarnissers.com\\\/imeat-espanya\\\/\"]}]},{\"@type\":\"ImageObject\",\"inLanguage\":\"es\",\"@id\":\"https:\\\/\\\/www.gremicarnissers.com\\\/imeat-espanya\\\/#primaryimage\",\"url\":\"https:\\\/\\\/www.gremicarnissers.com\\\/wp-content\\\/uploads\\\/2018\\\/11\\\/gremi_imeat_barcelona.jpg\",\"contentUrl\":\"https:\\\/\\\/www.gremicarnissers.com\\\/wp-content\\\/uploads\\\/2018\\\/11\\\/gremi_imeat_barcelona.jpg\",\"width\":886,\"height\":630},{\"@type\":\"BreadcrumbList\",\"@id\":\"https:\\\/\\\/www.gremicarnissers.com\\\/imeat-espanya\\\/#breadcrumb\",\"itemListElement\":[{\"@type\":\"ListItem\",\"position\":1,\"name\":\"Home\",\"item\":\"https:\\\/\\\/www.gremicarnissers.com\\\/\"},{\"@type\":\"ListItem\",\"position\":2,\"name\":\"IMEAT Espanya: 6 i 7 d&#8217;octubre 2019. Dema m\u00e9s informaci\u00f3 al Gremi! \u00c9s una oportunitat \u00fanica per donar a con\u00e8ixer el teu establiment o servei\"}]},{\"@type\":\"WebSite\",\"@id\":\"https:\\\/\\\/www.gremicarnissers.com\\\/#website\",\"url\":\"https:\\\/\\\/www.gremicarnissers.com\\\/\",\"name\":\"Gremi Carnissers de Barcelona\",\"description\":\"Carns de Qualitat\",\"potentialAction\":[{\"@type\":\"SearchAction\",\"target\":{\"@type\":\"EntryPoint\",\"urlTemplate\":\"https:\\\/\\\/www.gremicarnissers.com\\\/?s={search_term_string}\"},\"query-input\":{\"@type\":\"PropertyValueSpecification\",\"valueRequired\":true,\"valueName\":\"search_term_string\"}}],\"inLanguage\":\"es\"},{\"@type\":\"Person\",\"@id\":\"https:\\\/\\\/www.gremicarnissers.com\\\/#\\\/schema\\\/person\\\/b3e3b3d79cd2b792c7a1b8f8c46a31fa\",\"name\":\"Hector\",\"image\":{\"@type\":\"ImageObject\",\"inLanguage\":\"es\",\"@id\":\"https:\\\/\\\/secure.gravatar.com\\\/avatar\\\/25591e94ceea44d3e86244939462d7d78dff552ebb6474821cd267972ab1c6b9?s=96&d=mm&r=g\",\"url\":\"https:\\\/\\\/secure.gravatar.com\\\/avatar\\\/25591e94ceea44d3e86244939462d7d78dff552ebb6474821cd267972ab1c6b9?s=96&d=mm&r=g\",\"contentUrl\":\"https:\\\/\\\/secure.gravatar.com\\\/avatar\\\/25591e94ceea44d3e86244939462d7d78dff552ebb6474821cd267972ab1c6b9?s=96&d=mm&r=g\",\"caption\":\"Hector\"},\"sameAs\":[\"https:\\\/\\\/www.gremicarnissers.com\"],\"url\":\"https:\\\/\\\/www.gremicarnissers.com\\\/es\\\/author\\\/hector\\\/\"}]}<\/script>\n<!-- \/ Yoast SEO plugin. -->","yoast_head_json":{"title":"[:ca]IMEAT Espanya: 6 i 7 d'octubre 2019 - Gremi Carnissers de Barcelona [:es]IMEAT Espa\u00f1a: 6 y 7 de octubre 2019 - Gremi Carnissers de Barcelona [:]","description":"{:ca}IMEAT Espanya: 6 i 7 d'octubre 2019. De la m\u00e0 del Gremi de Carnissers es va coordinar la primera edici\u00f3 de la fira iMEAT els passats 4 i 5 de febrer...{:es}IMEAT Espa\u00f1a: 6 y 7 de octubre 2019. De la mano del Gremi de Carnissers se coordin\u00f3 la primera edici\u00f3n de la feria iMEAT los pasados 4 y 5 de febrero...{:}","robots":{"index":"index","follow":"follow","max-snippet":"max-snippet:-1","max-image-preview":"max-image-preview:large","max-video-preview":"max-video-preview:-1"},"canonical":"https:\/\/www.gremicarnissers.com\/es\/imeat-espanya\/","og_locale":"es_ES","og_type":"article","og_title":"[:ca]IMEAT Espanya: 6 i 7 d'octubre 2019 - Gremi Carnissers de Barcelona [:es]IMEAT Espa\u00f1a: 6 y 7 de octubre 2019 - Gremi Carnissers de Barcelona [:]","og_description":"{:ca}IMEAT Espanya: 6 i 7 d'octubre 2019. De la m\u00e0 del Gremi de Carnissers es va coordinar la primera edici\u00f3 de la fira iMEAT els passats 4 i 5 de febrer...{:es}IMEAT Espa\u00f1a: 6 y 7 de octubre 2019. De la mano del Gremi de Carnissers se coordin\u00f3 la primera edici\u00f3n de la feria iMEAT los pasados 4 y 5 de febrero...{:}","og_url":"https:\/\/www.gremicarnissers.com\/es\/imeat-espanya\/","og_site_name":"Gremi Carnissers de Barcelona","article_published_time":"2018-11-09T14:03:42+00:00","article_modified_time":"2021-03-23T10:18:45+00:00","og_image":[{"width":886,"height":630,"url":"https:\/\/www.gremicarnissers.com\/wp-content\/uploads\/2018\/11\/gremi_imeat_barcelona.jpg","type":"image\/jpeg"}],"author":"Hector","twitter_card":"summary_large_image","twitter_misc":{"Escrito por":"Hector","Tiempo de lectura":"1 minuto"},"schema":{"@context":"https:\/\/schema.org","@graph":[{"@type":"Article","@id":"https:\/\/www.gremicarnissers.com\/imeat-espanya\/#article","isPartOf":{"@id":"https:\/\/www.gremicarnissers.com\/imeat-espanya\/"},"author":{"name":"Hector","@id":"https:\/\/www.gremicarnissers.com\/#\/schema\/person\/b3e3b3d79cd2b792c7a1b8f8c46a31fa"},"headline":"IMEAT Espanya: 6 i 7 d&#8217;octubre 2019. Dema m\u00e9s informaci\u00f3 al Gremi! \u00c9s una oportunitat \u00fanica per donar a con\u00e8ixer el teu establiment o servei","datePublished":"2018-11-09T14:03:42+00:00","dateModified":"2021-03-23T10:18:45+00:00","mainEntityOfPage":{"@id":"https:\/\/www.gremicarnissers.com\/imeat-espanya\/"},"wordCount":196,"commentCount":0,"image":{"@id":"https:\/\/www.gremicarnissers.com\/imeat-espanya\/#primaryimage"},"thumbnailUrl":"https:\/\/www.gremicarnissers.com\/wp-content\/uploads\/2018\/11\/gremi_imeat_barcelona.jpg","keywords":["Cornell\u00e0","Fair","Feria","Fira","gremi carnissers de barcelona"],"articleSection":["Consum de carn","Esdeveniments","innovaci\u00f3","Not\u00edcies","Professional","promoci\u00f3"],"inLanguage":"es","potentialAction":[{"@type":"CommentAction","name":"Comment","target":["https:\/\/www.gremicarnissers.com\/imeat-espanya\/#respond"]}]},{"@type":"WebPage","@id":"https:\/\/www.gremicarnissers.com\/imeat-espanya\/","url":"https:\/\/www.gremicarnissers.com\/imeat-espanya\/","name":"[:ca]IMEAT Espanya: 6 i 7 d'octubre 2019 - Gremi Carnissers de Barcelona [:es]IMEAT Espa\u00f1a: 6 y 7 de octubre 2019 - Gremi Carnissers de Barcelona [:]","isPartOf":{"@id":"https:\/\/www.gremicarnissers.com\/#website"},"primaryImageOfPage":{"@id":"https:\/\/www.gremicarnissers.com\/imeat-espanya\/#primaryimage"},"image":{"@id":"https:\/\/www.gremicarnissers.com\/imeat-espanya\/#primaryimage"},"thumbnailUrl":"https:\/\/www.gremicarnissers.com\/wp-content\/uploads\/2018\/11\/gremi_imeat_barcelona.jpg","datePublished":"2018-11-09T14:03:42+00:00","dateModified":"2021-03-23T10:18:45+00:00","author":{"@id":"https:\/\/www.gremicarnissers.com\/#\/schema\/person\/b3e3b3d79cd2b792c7a1b8f8c46a31fa"},"description":"{:ca}IMEAT Espanya: 6 i 7 d'octubre 2019. De la m\u00e0 del Gremi de Carnissers es va coordinar la primera edici\u00f3 de la fira iMEAT els passats 4 i 5 de febrer...{:es}IMEAT Espa\u00f1a: 6 y 7 de octubre 2019. De la mano del Gremi de Carnissers se coordin\u00f3 la primera edici\u00f3n de la feria iMEAT los pasados 4 y 5 de febrero...{:}","breadcrumb":{"@id":"https:\/\/www.gremicarnissers.com\/imeat-espanya\/#breadcrumb"},"inLanguage":"es","potentialAction":[{"@type":"ReadAction","target":["https:\/\/www.gremicarnissers.com\/imeat-espanya\/"]}]},{"@type":"ImageObject","inLanguage":"es","@id":"https:\/\/www.gremicarnissers.com\/imeat-espanya\/#primaryimage","url":"https:\/\/www.gremicarnissers.com\/wp-content\/uploads\/2018\/11\/gremi_imeat_barcelona.jpg","contentUrl":"https:\/\/www.gremicarnissers.com\/wp-content\/uploads\/2018\/11\/gremi_imeat_barcelona.jpg","width":886,"height":630},{"@type":"BreadcrumbList","@id":"https:\/\/www.gremicarnissers.com\/imeat-espanya\/#breadcrumb","itemListElement":[{"@type":"ListItem","position":1,"name":"Home","item":"https:\/\/www.gremicarnissers.com\/"},{"@type":"ListItem","position":2,"name":"IMEAT Espanya: 6 i 7 d&#8217;octubre 2019. Dema m\u00e9s informaci\u00f3 al Gremi! \u00c9s una oportunitat \u00fanica per donar a con\u00e8ixer el teu establiment o servei"}]},{"@type":"WebSite","@id":"https:\/\/www.gremicarnissers.com\/#website","url":"https:\/\/www.gremicarnissers.com\/","name":"Gremio Carniceros de Barcelona","description":"Carnes de Calidad","potentialAction":[{"@type":"SearchAction","target":{"@type":"EntryPoint","urlTemplate":"https:\/\/www.gremicarnissers.com\/?s={search_term_string}"},"query-input":{"@type":"PropertyValueSpecification","valueRequired":true,"valueName":"search_term_string"}}],"inLanguage":"es"},{"@type":"Person","@id":"https:\/\/www.gremicarnissers.com\/#\/schema\/person\/b3e3b3d79cd2b792c7a1b8f8c46a31fa","name":"Hector","image":{"@type":"ImageObject","inLanguage":"es","@id":"https:\/\/secure.gravatar.com\/avatar\/25591e94ceea44d3e86244939462d7d78dff552ebb6474821cd267972ab1c6b9?s=96&d=mm&r=g","url":"https:\/\/secure.gravatar.com\/avatar\/25591e94ceea44d3e86244939462d7d78dff552ebb6474821cd267972ab1c6b9?s=96&d=mm&r=g","contentUrl":"https:\/\/secure.gravatar.com\/avatar\/25591e94ceea44d3e86244939462d7d78dff552ebb6474821cd267972ab1c6b9?s=96&d=mm&r=g","caption":"Hector"},"sameAs":["https:\/\/www.gremicarnissers.com"],"url":"https:\/\/www.gremicarnissers.com\/es\/author\/hector\/"}]}},"_links":{"self":[{"href":"https:\/\/www.gremicarnissers.com\/es\/wp-json\/wp\/v2\/posts\/64","targetHints":{"allow":["GET"]}}],"collection":[{"href":"https:\/\/www.gremicarnissers.com\/es\/wp-json\/wp\/v2\/posts"}],"about":[{"href":"https:\/\/www.gremicarnissers.com\/es\/wp-json\/wp\/v2\/types\/post"}],"author":[{"embeddable":true,"href":"https:\/\/www.gremicarnissers.com\/es\/wp-json\/wp\/v2\/users\/1"}],"replies":[{"embeddable":true,"href":"https:\/\/www.gremicarnissers.com\/es\/wp-json\/wp\/v2\/comments?post=64"}],"version-history":[{"count":0,"href":"https:\/\/www.gremicarnissers.com\/es\/wp-json\/wp\/v2\/posts\/64\/revisions"}],"wp:featuredmedia":[{"embeddable":true,"href":"https:\/\/www.gremicarnissers.com\/es\/wp-json\/wp\/v2\/media\/65"}],"wp:attachment":[{"href":"https:\/\/www.gremicarnissers.com\/es\/wp-json\/wp\/v2\/media?parent=64"}],"wp:term":[{"taxonomy":"category","embeddable":true,"href":"https:\/\/www.gremicarnissers.com\/es\/wp-json\/wp\/v2\/categories?post=64"},{"taxonomy":"post_tag","embeddable":true,"href":"https:\/\/www.gremicarnissers.com\/es\/wp-json\/wp\/v2\/tags?post=64"}],"curies":[{"name":"wp","href":"https:\/\/api.w.org\/{rel}","templated":true}]}}